{"id":1766,"date":"2025-12-29T20:14:22","date_gmt":"2025-12-29T20:14:22","guid":{"rendered":"https:\/\/transformative-vision-europe.com\/2025\/12\/29\/transformative-vision-europe-organise-a-nouveau-les-20-km-de-bruxelles-rejoignez-nous\/"},"modified":"2025-12-29T20:14:22","modified_gmt":"2025-12-29T20:14:22","slug":"transformative-vision-europe-organise-a-nouveau-les-20-km-de-bruxelles-rejoignez-nous","status":"publish","type":"post","link":"https:\/\/transformative-vision-europe.com\/fr\/2025\/12\/29\/transformative-vision-europe-organise-a-nouveau-les-20-km-de-bruxelles-rejoignez-nous\/","title":{"rendered":"Transformative Vision Europe organise \u00e0 nouveau les 20 km de Bruxelles \u2014 Rejoignez-nous !"},"content":{"rendered":"<p>Nous sommes ravis d&rsquo;annoncer que Transformative Vision Europe participera \u00e0 nouveau \u00e0 la course de 20 km de Bruxelles le dimanche 31 mai 2026 ! Apr\u00e8s l&rsquo;enthousiasme et l&rsquo;esprit communautaire que nous avons v\u00e9cus lors de l&rsquo;\u00e9dition 2025, nous sommes ravis de revenir sur la ligne de d\u00e9part \u2014 plus forts, plus engag\u00e9s et encore plus d\u00e9termin\u00e9s en faveur de l&rsquo;inclusion.<!--more--><\/p>\n<p>Pour nous, cette course est bien plus qu&rsquo;un d\u00e9fi sportif. En tant qu\u2019organisation \u00e0 but non lucratif d\u00e9di\u00e9e \u00e0 la d\u00e9fense des droits des personnes handicap\u00e9es et \u00e0 la transformation des r\u00e9cits biais\u00e9s, le Brussels 20KM est une formidable opportunit\u00e9 de rassembler les gens autour des valeurs que nous d\u00e9fendons au quotidien. Pas \u00e0 pas, nous continuons de progresser vers une soci\u00e9t\u00e9 o\u00f9 chacun a sa place.<\/p>\n<h1>Courez ou marchez avec nous pour l&rsquo;inclusion<\/h1>\n<p>Rejoignez l&rsquo;\u00e9quipe de Transformative Vision Europe et contribuez \u00e0 sensibiliser le public, \u00e0 lutter contre les st\u00e9r\u00e9otypes et \u00e0 c\u00e9l\u00e9brer la force de la communaut\u00e9. Que vous soyez un coureur chevronn\u00e9 ou que vous enfiliez vos chaussures pour la premi\u00e8re fois, votre pr\u00e9sence fait la diff\u00e9rence.<\/p>\n<h1>Pourquoi rejoindre notre \u00e9quipe ?<\/h1>\n<p>\u2022 Soutenez une cause importante : votre participation contribue directement \u00e0 notre mission de construire une soci\u00e9t\u00e9 plus inclusive et de renforcer les initiatives qui autonomisent les personnes handicap\u00e9es.<\/p>\n<p>\u2022 Promouvoir l\u2019inclusion par l\u2019action : courir avec nous est une fa\u00e7on concr\u00e8te de montrer que l\u2019inclusion n\u2019est pas qu\u2019un principe, c\u2019est une chose que nous pratiquons ensemble.<\/p>\n<p>\u2022 Int\u00e9grez une communaut\u00e9 dynamique : Notre \u00e9quipe rassemble des personnes profond\u00e9ment attach\u00e9es \u00e0 l\u2019\u00e9quit\u00e9, \u00e0 l\u2019accessibilit\u00e9 et \u00e0 la solidarit\u00e9. C\u2019est l\u2019occasion de rencontrer de nouvelles personnes, de partager des histoires et de ressentir la joie d\u2019un objectif collectif.<\/p>\n<p>\u2022 Atteignez un objectif personnel : que vous visiez un record personnel ou que vous souhaitiez simplement profiter du parcours, vous serez soutenu par une \u00e9quipe qui c\u00e9l\u00e8bre chaque effort.<\/p>\n<h1>Comment adh\u00e9rer<\/h1>\n<p>Nous avons mis en place un formulaire d&rsquo;inscription o\u00f9 vous pouvez vous inscrire \u00e0 la course et demander le mat\u00e9riel dont vous aurez besoin pour courir avec nous.<\/p>\n<p><a href=\"https:\/\/forms.gle\/VttEptibVpnhkLkJ6\"><span style=\"text-decoration: underline;\"><em>Cliquez ici pour remplir le formulaire d&rsquo;inscription.<\/em><\/span><\/a><\/p>\n<p><span class=\"Apple-converted-space\"> <\/span>Tout le monde est le bienvenu \u2014 quelles que soient ses capacit\u00e9s, son origine ou son niveau d&rsquo;exp\u00e9rience.<\/p>\n<p>Si vous avez des questions ou rencontrez des difficult\u00e9s lors de votre inscription, n&rsquo;h\u00e9sitez pas \u00e0 nous contacter. Nous sommes l\u00e0 pour vous aider.<\/p>\n<h1>Faites passer le mot<\/h1>\n<p>Vous n\u2019avez pas besoin de vous pr\u00e9senter aux \u00e9lections pour faire partie du mouvement. Tu peux:<\/p>\n<p>\u2022 Invitez vos amis et votre famille \u00e0 rejoindre l&rsquo;\u00e9quipe<\/p>\n<p>\u2022 Partagez cet article de blog sur vos r\u00e9seaux sociaux<\/p>\n<p>\u2022 Venez nous encourager le jour de la course<\/p>\n<p>Chaque geste compte, et ensemble, nous amplifions notre impact.<\/p>\n<h1>Restez connect\u00e9s<\/h1>\n<p>Follow us on our social media channels and subscribe to our newsletter for updates on our training, preparation, and activities leading up to the race. Continuons \u00e0 b\u00e2tir une soci\u00e9t\u00e9 o\u00f9 l\u2019inclusion est v\u00e9cue, c\u00e9l\u00e9br\u00e9e et d\u00e9fendue \u2013 un kilom\u00e8tre \u00e0 la fois.<\/p>\n","protected":false},"excerpt":{"rendered":"<p>Nous sommes ravis d&rsquo;annoncer que Transformative Vision Europe participera \u00e0 nouveau \u00e0 la course de 20 km de Bruxelles le dimanche 31 mai 2026 ! Apr\u00e8s l&rsquo;enthousiasme et l&rsquo;esprit communautaire que nous avons v\u00e9cus lors de l&rsquo;\u00e9dition 2025, nous sommes ravis de revenir sur la ligne de d\u00e9part \u2014 plus forts, plus engag\u00e9s et encore [&hellip;]<\/p>\n","protected":false},"author":2,"featured_media":1725,"comment_status":"open","ping_status":"open","sticky":false,"template":"","format":"standard","meta":{"_acf_changed":false,"footnotes":""},"categories":[102],"tags":[103,81,82,104],"class_list":["post-1766","post","type-post","status-publish","format-standard","has-post-thumbnail","hentry","category-evenements","tag-20-km-bruxelles","tag-communaute","tag-inclusion","tag-inclusion-des-personnes-handicapees"],"acf":[],"yoast_head":"<!-- This site is optimized with the Yoast SEO plugin v27.5 - https:\/\/yoast.com\/product\/yoast-seo-wordpress\/ -->\n<title>Transformative Vision Europe organise \u00e0 nouveau les 20 km de Bruxelles \u2014 Rejoignez-nous ! - Transformative Vision Europe<\/title>\n<meta name=\"robots\" content=\"index, follow, max-snippet:-1, max-image-preview:large, max-video-preview:-1\" \/>\n<link rel=\"canonical\" href=\"https:\/\/transformative-vision-europe.com\/fr\/2025\/12\/29\/transformative-vision-europe-organise-a-nouveau-les-20-km-de-bruxelles-rejoignez-nous\/\" \/>\n<meta property=\"og:locale\" content=\"fr_FR\" \/>\n<meta property=\"og:type\" content=\"article\" \/>\n<meta property=\"og:title\" content=\"Transformative Vision Europe organise \u00e0 nouveau les 20 km de Bruxelles \u2014 Rejoignez-nous ! - Transformative Vision Europe\" \/>\n<meta property=\"og:description\" content=\"Nous sommes ravis d&rsquo;annoncer que Transformative Vision Europe participera \u00e0 nouveau \u00e0 la course de 20 km de Bruxelles le dimanche 31 mai 2026 ! Apr\u00e8s l&rsquo;enthousiasme et l&rsquo;esprit communautaire que nous avons v\u00e9cus lors de l&rsquo;\u00e9dition 2025, nous sommes ravis de revenir sur la ligne de d\u00e9part \u2014 plus forts, plus engag\u00e9s et encore [&hellip;]\" \/>\n<meta property=\"og:url\" content=\"https:\/\/transformative-vision-europe.com\/fr\/2025\/12\/29\/transformative-vision-europe-organise-a-nouveau-les-20-km-de-bruxelles-rejoignez-nous\/\" \/>\n<meta property=\"og:site_name\" content=\"Transformative Vision Europe\" \/>\n<meta property=\"article:published_time\" content=\"2025-12-29T20:14:22+00:00\" \/>\n<meta property=\"og:image\" content=\"https:\/\/transformative-vision-europe.com\/wp-content\/uploads\/2025\/12\/PHOTO-2025-12-28-21-22-22.png\" \/>\n\t<meta property=\"og:image:width\" content=\"1350\" \/>\n\t<meta property=\"og:image:height\" content=\"1080\" \/>\n\t<meta property=\"og:image:type\" content=\"image\/png\" \/>\n<meta name=\"author\" content=\"Transformative Vision Europe\" \/>\n<meta name=\"twitter:card\" content=\"summary_large_image\" \/>\n<meta name=\"twitter:label1\" content=\"\u00c9crit par\" \/>\n\t<meta name=\"twitter:data1\" content=\"Transformative Vision Europe\" \/>\n\t<meta name=\"twitter:label2\" content=\"Dur\u00e9e de lecture estim\u00e9e\" \/>\n\t<meta name=\"twitter:data2\" content=\"3 minutes\" \/>\n<script type=\"application\/ld+json\" class=\"yoast-schema-graph\">{\"@context\":\"https:\\\/\\\/schema.org\",\"@graph\":[{\"@type\":\"Article\",\"@id\":\"https:\\\/\\\/transformative-vision-europe.com\\\/fr\\\/2025\\\/12\\\/29\\\/transformative-vision-europe-organise-a-nouveau-les-20-km-de-bruxelles-rejoignez-nous\\\/#article\",\"isPartOf\":{\"@id\":\"https:\\\/\\\/transformative-vision-europe.com\\\/fr\\\/2025\\\/12\\\/29\\\/transformative-vision-europe-organise-a-nouveau-les-20-km-de-bruxelles-rejoignez-nous\\\/\"},\"author\":{\"name\":\"Transformative Vision Europe\",\"@id\":\"https:\\\/\\\/transformative-vision-europe.com\\\/fr\\\/#\\\/schema\\\/person\\\/b06c1cc685ff9aad938e4759196d7c77\"},\"headline\":\"Transformative Vision Europe organise \u00e0 nouveau les 20 km de Bruxelles \u2014 Rejoignez-nous !\",\"datePublished\":\"2025-12-29T20:14:22+00:00\",\"mainEntityOfPage\":{\"@id\":\"https:\\\/\\\/transformative-vision-europe.com\\\/fr\\\/2025\\\/12\\\/29\\\/transformative-vision-europe-organise-a-nouveau-les-20-km-de-bruxelles-rejoignez-nous\\\/\"},\"wordCount\":542,\"commentCount\":0,\"image\":{\"@id\":\"https:\\\/\\\/transformative-vision-europe.com\\\/fr\\\/2025\\\/12\\\/29\\\/transformative-vision-europe-organise-a-nouveau-les-20-km-de-bruxelles-rejoignez-nous\\\/#primaryimage\"},\"thumbnailUrl\":\"https:\\\/\\\/transformative-vision-europe.com\\\/wp-content\\\/uploads\\\/2025\\\/12\\\/PHOTO-2025-12-28-21-22-22.png\",\"keywords\":[\"20 km Bruxelles\",\"Communaut\u00e9\",\"Inclusion\",\"Inclusion des personnes handicap\u00e9es\"],\"articleSection\":[\"\u00c9v\u00e9nements\"],\"inLanguage\":\"fr-FR\",\"potentialAction\":[{\"@type\":\"CommentAction\",\"name\":\"Comment\",\"target\":[\"https:\\\/\\\/transformative-vision-europe.com\\\/fr\\\/2025\\\/12\\\/29\\\/transformative-vision-europe-organise-a-nouveau-les-20-km-de-bruxelles-rejoignez-nous\\\/#respond\"]}]},{\"@type\":\"WebPage\",\"@id\":\"https:\\\/\\\/transformative-vision-europe.com\\\/fr\\\/2025\\\/12\\\/29\\\/transformative-vision-europe-organise-a-nouveau-les-20-km-de-bruxelles-rejoignez-nous\\\/\",\"url\":\"https:\\\/\\\/transformative-vision-europe.com\\\/fr\\\/2025\\\/12\\\/29\\\/transformative-vision-europe-organise-a-nouveau-les-20-km-de-bruxelles-rejoignez-nous\\\/\",\"name\":\"Transformative Vision Europe organise \u00e0 nouveau les 20 km de Bruxelles \u2014 Rejoignez-nous ! - Transformative Vision Europe\",\"isPartOf\":{\"@id\":\"https:\\\/\\\/transformative-vision-europe.com\\\/fr\\\/#website\"},\"primaryImageOfPage\":{\"@id\":\"https:\\\/\\\/transformative-vision-europe.com\\\/fr\\\/2025\\\/12\\\/29\\\/transformative-vision-europe-organise-a-nouveau-les-20-km-de-bruxelles-rejoignez-nous\\\/#primaryimage\"},\"image\":{\"@id\":\"https:\\\/\\\/transformative-vision-europe.com\\\/fr\\\/2025\\\/12\\\/29\\\/transformative-vision-europe-organise-a-nouveau-les-20-km-de-bruxelles-rejoignez-nous\\\/#primaryimage\"},\"thumbnailUrl\":\"https:\\\/\\\/transformative-vision-europe.com\\\/wp-content\\\/uploads\\\/2025\\\/12\\\/PHOTO-2025-12-28-21-22-22.png\",\"datePublished\":\"2025-12-29T20:14:22+00:00\",\"author\":{\"@id\":\"https:\\\/\\\/transformative-vision-europe.com\\\/fr\\\/#\\\/schema\\\/person\\\/b06c1cc685ff9aad938e4759196d7c77\"},\"breadcrumb\":{\"@id\":\"https:\\\/\\\/transformative-vision-europe.com\\\/fr\\\/2025\\\/12\\\/29\\\/transformative-vision-europe-organise-a-nouveau-les-20-km-de-bruxelles-rejoignez-nous\\\/#breadcrumb\"},\"inLanguage\":\"fr-FR\",\"potentialAction\":[{\"@type\":\"ReadAction\",\"target\":[\"https:\\\/\\\/transformative-vision-europe.com\\\/fr\\\/2025\\\/12\\\/29\\\/transformative-vision-europe-organise-a-nouveau-les-20-km-de-bruxelles-rejoignez-nous\\\/\"]}]},{\"@type\":\"ImageObject\",\"inLanguage\":\"fr-FR\",\"@id\":\"https:\\\/\\\/transformative-vision-europe.com\\\/fr\\\/2025\\\/12\\\/29\\\/transformative-vision-europe-organise-a-nouveau-les-20-km-de-bruxelles-rejoignez-nous\\\/#primaryimage\",\"url\":\"https:\\\/\\\/transformative-vision-europe.com\\\/wp-content\\\/uploads\\\/2025\\\/12\\\/PHOTO-2025-12-28-21-22-22.png\",\"contentUrl\":\"https:\\\/\\\/transformative-vision-europe.com\\\/wp-content\\\/uploads\\\/2025\\\/12\\\/PHOTO-2025-12-28-21-22-22.png\",\"width\":1350,\"height\":1080},{\"@type\":\"BreadcrumbList\",\"@id\":\"https:\\\/\\\/transformative-vision-europe.com\\\/fr\\\/2025\\\/12\\\/29\\\/transformative-vision-europe-organise-a-nouveau-les-20-km-de-bruxelles-rejoignez-nous\\\/#breadcrumb\",\"itemListElement\":[{\"@type\":\"ListItem\",\"position\":1,\"name\":\"Home\",\"item\":\"https:\\\/\\\/transformative-vision-europe.com\\\/fr\\\/accueil\\\/\"},{\"@type\":\"ListItem\",\"position\":2,\"name\":\"Transformative Vision Europe organise \u00e0 nouveau les 20 km de Bruxelles \u2014 Rejoignez-nous !\"}]},{\"@type\":\"WebSite\",\"@id\":\"https:\\\/\\\/transformative-vision-europe.com\\\/fr\\\/#website\",\"url\":\"https:\\\/\\\/transformative-vision-europe.com\\\/fr\\\/\",\"name\":\"Transformative Vision Europe\",\"description\":\"Breaking misinformation for an inclusive world\",\"potentialAction\":[{\"@type\":\"SearchAction\",\"target\":{\"@type\":\"EntryPoint\",\"urlTemplate\":\"https:\\\/\\\/transformative-vision-europe.com\\\/fr\\\/?s={search_term_string}\"},\"query-input\":{\"@type\":\"PropertyValueSpecification\",\"valueRequired\":true,\"valueName\":\"search_term_string\"}}],\"inLanguage\":\"fr-FR\"},{\"@type\":\"Person\",\"@id\":\"https:\\\/\\\/transformative-vision-europe.com\\\/fr\\\/#\\\/schema\\\/person\\\/b06c1cc685ff9aad938e4759196d7c77\",\"name\":\"Transformative Vision Europe\",\"image\":{\"@type\":\"ImageObject\",\"inLanguage\":\"fr-FR\",\"@id\":\"https:\\\/\\\/secure.gravatar.com\\\/avatar\\\/770d2da24e664092362c8e258d9a948f52e39e2087c9382517ec88b48a582c0e?s=96&d=mm&r=g\",\"url\":\"https:\\\/\\\/secure.gravatar.com\\\/avatar\\\/770d2da24e664092362c8e258d9a948f52e39e2087c9382517ec88b48a582c0e?s=96&d=mm&r=g\",\"contentUrl\":\"https:\\\/\\\/secure.gravatar.com\\\/avatar\\\/770d2da24e664092362c8e258d9a948f52e39e2087c9382517ec88b48a582c0e?s=96&d=mm&r=g\",\"caption\":\"Transformative Vision Europe\"},\"url\":\"https:\\\/\\\/transformative-vision-europe.com\\\/fr\\\/author\\\/roberta\\\/\"}]}<\/script>\n<!-- \/ Yoast SEO plugin. -->","yoast_head_json":{"title":"Transformative Vision Europe organise \u00e0 nouveau les 20 km de Bruxelles \u2014 Rejoignez-nous ! - Transformative Vision Europe","robots":{"index":"index","follow":"follow","max-snippet":"max-snippet:-1","max-image-preview":"max-image-preview:large","max-video-preview":"max-video-preview:-1"},"canonical":"https:\/\/transformative-vision-europe.com\/fr\/2025\/12\/29\/transformative-vision-europe-organise-a-nouveau-les-20-km-de-bruxelles-rejoignez-nous\/","og_locale":"fr_FR","og_type":"article","og_title":"Transformative Vision Europe organise \u00e0 nouveau les 20 km de Bruxelles \u2014 Rejoignez-nous ! - Transformative Vision Europe","og_description":"Nous sommes ravis d&rsquo;annoncer que Transformative Vision Europe participera \u00e0 nouveau \u00e0 la course de 20 km de Bruxelles le dimanche 31 mai 2026 ! Apr\u00e8s l&rsquo;enthousiasme et l&rsquo;esprit communautaire que nous avons v\u00e9cus lors de l&rsquo;\u00e9dition 2025, nous sommes ravis de revenir sur la ligne de d\u00e9part \u2014 plus forts, plus engag\u00e9s et encore [&hellip;]","og_url":"https:\/\/transformative-vision-europe.com\/fr\/2025\/12\/29\/transformative-vision-europe-organise-a-nouveau-les-20-km-de-bruxelles-rejoignez-nous\/","og_site_name":"Transformative Vision Europe","article_published_time":"2025-12-29T20:14:22+00:00","og_image":[{"width":1350,"height":1080,"url":"https:\/\/transformative-vision-europe.com\/wp-content\/uploads\/2025\/12\/PHOTO-2025-12-28-21-22-22.png","type":"image\/png"}],"author":"Transformative Vision Europe","twitter_card":"summary_large_image","twitter_misc":{"\u00c9crit par":"Transformative Vision Europe","Dur\u00e9e de lecture estim\u00e9e":"3 minutes"},"schema":{"@context":"https:\/\/schema.org","@graph":[{"@type":"Article","@id":"https:\/\/transformative-vision-europe.com\/fr\/2025\/12\/29\/transformative-vision-europe-organise-a-nouveau-les-20-km-de-bruxelles-rejoignez-nous\/#article","isPartOf":{"@id":"https:\/\/transformative-vision-europe.com\/fr\/2025\/12\/29\/transformative-vision-europe-organise-a-nouveau-les-20-km-de-bruxelles-rejoignez-nous\/"},"author":{"name":"Transformative Vision Europe","@id":"https:\/\/transformative-vision-europe.com\/fr\/#\/schema\/person\/b06c1cc685ff9aad938e4759196d7c77"},"headline":"Transformative Vision Europe organise \u00e0 nouveau les 20 km de Bruxelles \u2014 Rejoignez-nous !","datePublished":"2025-12-29T20:14:22+00:00","mainEntityOfPage":{"@id":"https:\/\/transformative-vision-europe.com\/fr\/2025\/12\/29\/transformative-vision-europe-organise-a-nouveau-les-20-km-de-bruxelles-rejoignez-nous\/"},"wordCount":542,"commentCount":0,"image":{"@id":"https:\/\/transformative-vision-europe.com\/fr\/2025\/12\/29\/transformative-vision-europe-organise-a-nouveau-les-20-km-de-bruxelles-rejoignez-nous\/#primaryimage"},"thumbnailUrl":"https:\/\/transformative-vision-europe.com\/wp-content\/uploads\/2025\/12\/PHOTO-2025-12-28-21-22-22.png","keywords":["20 km Bruxelles","Communaut\u00e9","Inclusion","Inclusion des personnes handicap\u00e9es"],"articleSection":["\u00c9v\u00e9nements"],"inLanguage":"fr-FR","potentialAction":[{"@type":"CommentAction","name":"Comment","target":["https:\/\/transformative-vision-europe.com\/fr\/2025\/12\/29\/transformative-vision-europe-organise-a-nouveau-les-20-km-de-bruxelles-rejoignez-nous\/#respond"]}]},{"@type":"WebPage","@id":"https:\/\/transformative-vision-europe.com\/fr\/2025\/12\/29\/transformative-vision-europe-organise-a-nouveau-les-20-km-de-bruxelles-rejoignez-nous\/","url":"https:\/\/transformative-vision-europe.com\/fr\/2025\/12\/29\/transformative-vision-europe-organise-a-nouveau-les-20-km-de-bruxelles-rejoignez-nous\/","name":"Transformative Vision Europe organise \u00e0 nouveau les 20 km de Bruxelles \u2014 Rejoignez-nous ! - Transformative Vision Europe","isPartOf":{"@id":"https:\/\/transformative-vision-europe.com\/fr\/#website"},"primaryImageOfPage":{"@id":"https:\/\/transformative-vision-europe.com\/fr\/2025\/12\/29\/transformative-vision-europe-organise-a-nouveau-les-20-km-de-bruxelles-rejoignez-nous\/#primaryimage"},"image":{"@id":"https:\/\/transformative-vision-europe.com\/fr\/2025\/12\/29\/transformative-vision-europe-organise-a-nouveau-les-20-km-de-bruxelles-rejoignez-nous\/#primaryimage"},"thumbnailUrl":"https:\/\/transformative-vision-europe.com\/wp-content\/uploads\/2025\/12\/PHOTO-2025-12-28-21-22-22.png","datePublished":"2025-12-29T20:14:22+00:00","author":{"@id":"https:\/\/transformative-vision-europe.com\/fr\/#\/schema\/person\/b06c1cc685ff9aad938e4759196d7c77"},"breadcrumb":{"@id":"https:\/\/transformative-vision-europe.com\/fr\/2025\/12\/29\/transformative-vision-europe-organise-a-nouveau-les-20-km-de-bruxelles-rejoignez-nous\/#breadcrumb"},"inLanguage":"fr-FR","potentialAction":[{"@type":"ReadAction","target":["https:\/\/transformative-vision-europe.com\/fr\/2025\/12\/29\/transformative-vision-europe-organise-a-nouveau-les-20-km-de-bruxelles-rejoignez-nous\/"]}]},{"@type":"ImageObject","inLanguage":"fr-FR","@id":"https:\/\/transformative-vision-europe.com\/fr\/2025\/12\/29\/transformative-vision-europe-organise-a-nouveau-les-20-km-de-bruxelles-rejoignez-nous\/#primaryimage","url":"https:\/\/transformative-vision-europe.com\/wp-content\/uploads\/2025\/12\/PHOTO-2025-12-28-21-22-22.png","contentUrl":"https:\/\/transformative-vision-europe.com\/wp-content\/uploads\/2025\/12\/PHOTO-2025-12-28-21-22-22.png","width":1350,"height":1080},{"@type":"BreadcrumbList","@id":"https:\/\/transformative-vision-europe.com\/fr\/2025\/12\/29\/transformative-vision-europe-organise-a-nouveau-les-20-km-de-bruxelles-rejoignez-nous\/#breadcrumb","itemListElement":[{"@type":"ListItem","position":1,"name":"Home","item":"https:\/\/transformative-vision-europe.com\/fr\/accueil\/"},{"@type":"ListItem","position":2,"name":"Transformative Vision Europe organise \u00e0 nouveau les 20 km de Bruxelles \u2014 Rejoignez-nous !"}]},{"@type":"WebSite","@id":"https:\/\/transformative-vision-europe.com\/fr\/#website","url":"https:\/\/transformative-vision-europe.com\/fr\/","name":"Transformative Vision Europe","description":"Breaking misinformation for an inclusive world","potentialAction":[{"@type":"SearchAction","target":{"@type":"EntryPoint","urlTemplate":"https:\/\/transformative-vision-europe.com\/fr\/?s={search_term_string}"},"query-input":{"@type":"PropertyValueSpecification","valueRequired":true,"valueName":"search_term_string"}}],"inLanguage":"fr-FR"},{"@type":"Person","@id":"https:\/\/transformative-vision-europe.com\/fr\/#\/schema\/person\/b06c1cc685ff9aad938e4759196d7c77","name":"Transformative Vision Europe","image":{"@type":"ImageObject","inLanguage":"fr-FR","@id":"https:\/\/secure.gravatar.com\/avatar\/770d2da24e664092362c8e258d9a948f52e39e2087c9382517ec88b48a582c0e?s=96&d=mm&r=g","url":"https:\/\/secure.gravatar.com\/avatar\/770d2da24e664092362c8e258d9a948f52e39e2087c9382517ec88b48a582c0e?s=96&d=mm&r=g","contentUrl":"https:\/\/secure.gravatar.com\/avatar\/770d2da24e664092362c8e258d9a948f52e39e2087c9382517ec88b48a582c0e?s=96&d=mm&r=g","caption":"Transformative Vision Europe"},"url":"https:\/\/transformative-vision-europe.com\/fr\/author\/roberta\/"}]}},"_links":{"self":[{"href":"https:\/\/transformative-vision-europe.com\/fr\/wp-json\/wp\/v2\/posts\/1766","targetHints":{"allow":["GET"]}}],"collection":[{"href":"https:\/\/transformative-vision-europe.com\/fr\/wp-json\/wp\/v2\/posts"}],"about":[{"href":"https:\/\/transformative-vision-europe.com\/fr\/wp-json\/wp\/v2\/types\/post"}],"author":[{"embeddable":true,"href":"https:\/\/transformative-vision-europe.com\/fr\/wp-json\/wp\/v2\/users\/2"}],"replies":[{"embeddable":true,"href":"https:\/\/transformative-vision-europe.com\/fr\/wp-json\/wp\/v2\/comments?post=1766"}],"version-history":[{"count":0,"href":"https:\/\/transformative-vision-europe.com\/fr\/wp-json\/wp\/v2\/posts\/1766\/revisions"}],"wp:featuredmedia":[{"embeddable":true,"href":"https:\/\/transformative-vision-europe.com\/fr\/wp-json\/wp\/v2\/media\/1725"}],"wp:attachment":[{"href":"https:\/\/transformative-vision-europe.com\/fr\/wp-json\/wp\/v2\/media?parent=1766"}],"wp:term":[{"taxonomy":"category","embeddable":true,"href":"https:\/\/transformative-vision-europe.com\/fr\/wp-json\/wp\/v2\/categories?post=1766"},{"taxonomy":"post_tag","embeddable":true,"href":"https:\/\/transformative-vision-europe.com\/fr\/wp-json\/wp\/v2\/tags?post=1766"}],"curies":[{"name":"wp","href":"https:\/\/api.w.org\/{rel}","templated":true}]}}