{"id":1750,"date":"2025-03-19T21:16:37","date_gmt":"2025-03-19T21:16:37","guid":{"rendered":"https:\/\/transformative-vision-europe.com\/2025\/03\/19\/briser-les-barrieres-aborder-les-consequences-des-stereotypes-et-des-prejuges-envers-les-personnes-en-situation-de-handicap\/"},"modified":"2026-04-30T17:56:04","modified_gmt":"2026-04-30T17:56:04","slug":"briser-les-barrieres-aborder-les-consequences-des-stereotypes-et-des-prejuges-envers-les-personnes-en-situation-de-handicap","status":"publish","type":"post","link":"https:\/\/transformative-vision-europe.com\/fr\/2025\/03\/19\/briser-les-barrieres-aborder-les-consequences-des-stereotypes-et-des-prejuges-envers-les-personnes-en-situation-de-handicap\/","title":{"rendered":"Briser les barri\u00e8res : Aborder les cons\u00e9quences des st\u00e9r\u00e9otypes et des pr\u00e9jug\u00e9s envers les personnes en situation de handicap"},"content":{"rendered":"\n<p>Chaque jour, les personnes en situation de handicap se heurtent \u00e0 des barri\u00e8res subtiles mais omnipr\u00e9sentes, ancr\u00e9es dans la condescendance et les faibles attentes. Ces attitudes, souvent tacites, s\u2019accumulent au fil du temps et impactent profond\u00e9ment la perception de soi, la sant\u00e9 mentale et la qualit\u00e9 de vie en g\u00e9n\u00e9ral. <\/p>\n\n<p>Bien que la diversit\u00e9 des handicaps soit vaste et complexe, les formes d\u2019exclusion, de discrimination et de pr\u00e9jug\u00e9s rencontr\u00e9es sont \u00e9tonnamment similaires d\u2019un handicap \u00e0 l\u2019autre. Sans tomber dans la simplification excessive, explorons les cons\u00e9quences significatives des st\u00e9r\u00e9otypes et des pr\u00e9jug\u00e9s visant les personnes handicap\u00e9es. <\/p>\n\n<!--more-->\n\n<h2 class=\"wp-block-heading\">L\u2019impact des st\u00e9r\u00e9otypes et des pr\u00e9jug\u00e9s<\/h2>\n\n<ul class=\"wp-block-list\">\n<li>Discrimination \u00e0 l\u2019emploi : La discrimination sur le lieu de travail reste un d\u00e9fi omnipr\u00e9sent pour les personnes en situation de handicap. De nombreux demandeurs d\u2019emploi qualifi\u00e9s sont injustement \u00e9cart\u00e9s en raison de suppositions infond\u00e9es sur leur productivit\u00e9. Cela prive non seulement des individus talentueux d\u2019un acc\u00e8s \u00e0 des opportunit\u00e9s de carri\u00e8re enrichissantes, mais prive \u00e9galement les organisations de perspectives diverses et d\u2019id\u00e9es nouvelles qui stimulent l\u2019innovation et la croissance durable.  <\/li>\n\n\n\n<li>Discrimination au logement : Les personnes handicap\u00e9es sont souvent confront\u00e9es \u00e0 des pr\u00e9jug\u00e9s lors de leur recherche de logement. Les bailleurs et propri\u00e9taires peuvent les \u00e9carter en tant que locataires potentiels sur la seule base de leur handicap, nourrissant des suppositions infond\u00e9es selon lesquelles elles auraient des difficult\u00e9s \u00e0 payer le loyer, \u00e0 entretenir le bien ou \u00e0 s\u2019int\u00e9grer \u00e0 la communaut\u00e9. En cons\u00e9quence, les personnes handicap\u00e9es sont souvent exclues des opportunit\u00e9s de location, perp\u00e9tuant l\u2019in\u00e9galit\u00e9 d\u2019acc\u00e8s au logement. Cette forme de discrimination mine leur ind\u00e9pendance et les force souvent \u00e0 accepter des colocations o\u00f9 des dynamiques de pouvoir d\u00e9s\u00e9quilibr\u00e9es peuvent compromettre davantage leur autonomie et leur sentiment d\u2019autod\u00e9termination.   <\/li>\n\n\n\n<li>Isolement social : Les id\u00e9es re\u00e7ues entourant le handicap jouent un r\u00f4le important dans l\u2019accentuation de la fracture sociale entre les personnes valides et handicap\u00e9es. Ces derni\u00e8res sont souvent per\u00e7ues \u00e0 tort comme incapables d\u2019engagement significatif ou comme un \u00ab fardeau \u00bb dans les contextes sociaux. De tels st\u00e9r\u00e9otypes m\u00e8nent \u00e0 leur exclusion et \u00e0 une perception d\u2019elles comme des responsabilit\u00e9s plut\u00f4t que comme des compagnons de valeur. En cons\u00e9quence, beaucoup font face \u00e0 l\u2019isolement social et \u00e0 la marginalisation. Pour combler leur besoin naturel de connexion, certaines personnes handicap\u00e9es se tournent vers la communaut\u00e9 du handicap pour trouver soutien et appartenance. Bien que ces communaut\u00e9s offrent un environnement bienveillant et inclusif, elles peuvent involontairement restreindre les opportunit\u00e9s d\u2019interactions sociales plus larges. D\u2019un autre c\u00f4t\u00e9, certains individus int\u00e9riorisent les pr\u00e9jug\u00e9s soci\u00e9taux, ce qui favorise des sentiments d\u2019insuffisance et un retrait accru de la vie sociale.      <\/li>\n\n\n\n<li>Droits sexuels et reproductifs : La soci\u00e9t\u00e9 n\u00e9glige ou ignore fr\u00e9quemment la sexualit\u00e9 et les aspirations reproductives des personnes en situation de handicap. Elles sont souvent infantilis\u00e9es et per\u00e7ues comme asexu\u00e9es, hypersexu\u00e9es ou inaptes \u00e0 \u00eatre des partenaires, des parents ou des conjoints. Les femmes handicap\u00e9es font face \u00e0 des obstacles suppl\u00e9mentaires, \u00e9tant souvent exclues des exp\u00e9riences de f\u00e9minit\u00e9, de vie de couple, de sexualit\u00e9 active et de maternit\u00e9. De mani\u00e8re alarmante, des pratiques telles que la st\u00e9rilisation forc\u00e9e restent l\u00e9gales dans certains pays, et des politiques d\u2019adoption discriminatoires persistent.   <\/li>\n\n\n\n<li>Atteinte \u00e0 l\u2019autonomie : L\u2019affaiblissement de l\u2019autonomie des personnes handicap\u00e9es d\u00e9coule souvent de suppositions sur leurs capacit\u00e9s de prise de d\u00e9cision. Ces id\u00e9es re\u00e7ues peuvent entra\u00eener des remises en question fr\u00e9quentes ou des limitations pures et simples de leur ind\u00e9pendance. Il est essentiel de reconna\u00eetre et de respecter l\u2019autonomie de chaque individu \u2014 quel que soit son handicap \u2014 pour favoriser l\u2019autod\u00e9termination et affirmer l\u2019identit\u00e9 personnelle.  <\/li>\n<\/ul>\n\n<h2 class=\"wp-block-heading\">Le poids de la stigmatisation<\/h2>\n\n<p>Les exemples soulign\u00e9s ci-dessus ne capturent qu\u2019un aper\u00e7u des dommages profonds caus\u00e9s par les pr\u00e9jug\u00e9s. Pour les personnes en situation de handicap, les cons\u00e9quences peuvent bouleverser une vie, incluant une diminution des opportunit\u00e9s socio-\u00e9conomiques telles qu\u2019un acc\u00e8s r\u00e9duit \u00e0 l\u2019\u00e9ducation, des r\u00e9sultats de sant\u00e9 moins bons, des taux d\u2019emploi plus faibles et des taux de pauvret\u00e9 plus \u00e9lev\u00e9s. <\/p>\n\n<p>De plus, l\u2019impact psychologique est immense : la d\u00e9tresse psychologique, l\u2019anxi\u00e9t\u00e9, la d\u00e9pression et l\u2019isolement social sont courants alors que les individus naviguent dans une soci\u00e9t\u00e9 empreinte de pr\u00e9jug\u00e9s.<\/p>\n\n<p>Bien que la recherche sur les effets des st\u00e9r\u00e9otypes sur la sant\u00e9 mentale sp\u00e9cifiques aux personnes handicap\u00e9es reste limit\u00e9e, nous encourageons une exploration plus approfondie de ce sujet crucial afin d\u2019am\u00e9liorer la compr\u00e9hension et les efforts de plaidoyer. Pour les personnes int\u00e9ress\u00e9es, voici une s\u00e9lection de lectures enrichissantes : <\/p>\n\n<ul class=\"wp-block-list\">\n<li><a href=\"https:\/\/journals.sagepub.com\/doi\/10.1177\/00222194221087383\">Haft, S. L., Greiner De Maghalaes, C., &amp; Hoeft, F. (2022). A Systematic Review of the Consequences of Stigma and Stereotype Threat for Individuals with Specific Learning Disabilities. Journal of Learning Disabilities, 56(3), 193-209.  <\/a><\/li>\n\n\n\n<li><a href=\"https:\/\/www.tandfonline.com\/doi\/full\/10.1080\/09638288.2019.1630678\">Pelleboer-Gunnink, H. A., van Weeghel, J., &amp; Embregts, P. J. C. M. (2019). Public Stigmatisation of People with Intellectual Disabilities: A Mixed-Method Population Survey into Stereotypes and Their Relationship with Familiarity and Discrimination. Disability and Rehabilitation, 43(4), 489\u2013497.  <\/a><\/li>\n\n\n\n<li><a href=\"https:\/\/www.sciencedirect.com\/science\/article\/abs\/pii\/S027795361630079X\">Trani, J. F., Ballard, E., &amp; Pe\u00f1a, J. B. (2016). Stigma of Persons with Disabilities in Afghanistan: Examining the Pathways from Stereotyping to Mental Distress. Social Science &amp; Medicine, 153, 258-265.  <\/a><\/li>\n<\/ul>\n\n<h2 class=\"wp-block-heading\">Vers un avenir inclusif<\/h2>\n\n<p>La discrimination d\u00e9coule souvent de biais involontaires ou inconscients, faisant de la sensibilisation une premi\u00e8re \u00e9tape essentielle vers la construction d\u2019une soci\u00e9t\u00e9 v\u00e9ritablement inclusive. Cette sensibilisation inclut la compr\u00e9hension des d\u00e9fis rencontr\u00e9s par les personnes handicap\u00e9es et une r\u00e9flexion sur nos propres biais et comportements. En cultivant la conscience de soi \u2014 en examinant pourquoi nous faisons certains choix de mots, d\u2019actions ou de r\u00e9actions \u2014 nous pouvons commencer \u00e0 briser le cycle des pr\u00e9jug\u00e9s.  <\/p>\n\n<p>Mesures que vous pouvez prendre :<\/p>\n\n<p>1. S\u2019informer et \u00e9duquer les autres : Plongez dans les exp\u00e9riences des personnes handicap\u00e9es \u00e0 travers des conf\u00e9rences, des livres, des podcasts ou des conversations. \u00c9largir vos connaissances favorise l\u2019empathie et une compr\u00e9hension plus profonde des diverses perspectives. <\/p>\n\n<p>2. Plaider pour l\u2019accessibilit\u00e9 : L\u2019accessibilit\u00e9 n\u2019est pas seulement une option \u2014 c\u2019est une n\u00e9cessit\u00e9. Militez pour une conception inclusive dans les espaces physiques et num\u00e9riques. Qu\u2019il s\u2019agisse de rampes, d\u2019ascenseurs, de toilettes accessibles ou de sites web compatibles avec les lecteurs d\u2019\u00e9cran, l\u2019accessibilit\u00e9 doit \u00eatre int\u00e9gr\u00e9e \u00e0 la structure m\u00eame de toutes les d\u00e9cisions de conception et d\u2019infrastructure.  <\/p>\n\n<p>3. Remettre en question les st\u00e9r\u00e9otypes : Les st\u00e9r\u00e9otypes prosp\u00e8rent en l\u2019absence de questionnement. Jouez un r\u00f4le actif en abordant les id\u00e9es re\u00e7ues \u2014 engagez des dialogues ouverts et honn\u00eates, r\u00e9fl\u00e9chissez \u00e0 vos attitudes personnelles et favorisez l\u2019\u00e9change d\u2019id\u00e9es. Changer les r\u00e9cits n\u00e9cessite un effort collectif.  <\/p>\n\n<p>4. Soutenir les pratiques d\u2019emploi inclusives : Plaidez pour des processus de recrutement \u00e9quitables et des am\u00e9nagements sur le lieu de travail. Une main-d\u2019\u0153uvre diversifi\u00e9e n\u2019est pas seulement un imp\u00e9ratif moral \u2014 elle enrichit les entreprises en s\u2019appuyant sur un large \u00e9ventail de talents et de perspectives. <\/p>\n\n<p>Cr\u00e9er une soci\u00e9t\u00e9 inclusive commence par la volont\u00e9 de reconna\u00eetre et de confronter nos propres biais. Ensemble, par des actions intentionnelles et un engagement collectif, nous pouvons fa\u00e7onner un avenir o\u00f9 chacun est trait\u00e9 avec dignit\u00e9, respect et \u00e9galit\u00e9 des chances. <\/p>\n","protected":false},"excerpt":{"rendered":"<p>Chaque jour, les personnes en situation de handicap se heurtent \u00e0 des barri\u00e8res subtiles mais omnipr\u00e9sentes, ancr\u00e9es dans la condescendance et les faibles attentes. Ces attitudes, souvent tacites, s\u2019accumulent au fil du temps et impactent profond\u00e9ment la perception de soi, la sant\u00e9 mentale et la qualit\u00e9 de vie en g\u00e9n\u00e9ral. Bien que la diversit\u00e9 des [&hellip;]<\/p>\n","protected":false},"author":2,"featured_media":1741,"comment_status":"open","ping_status":"open","sticky":false,"template":"","format":"standard","meta":{"_acf_changed":false,"footnotes":""},"categories":[79],"tags":[81,83,82,80,84],"class_list":["post-1750","post","type-post","status-publish","format-standard","has-post-thumbnail","hentry","category-sensibilisation-au-handicap","tag-communaute","tag-droits-des-personnes-handicapees","tag-inclusion","tag-sensibilisation","tag-stereotypes"],"acf":[],"yoast_head":"<!-- This site is optimized with the Yoast SEO plugin v27.5 - https:\/\/yoast.com\/product\/yoast-seo-wordpress\/ -->\n<title>Briser les barri\u00e8res : Aborder les cons\u00e9quences des st\u00e9r\u00e9otypes et des pr\u00e9jug\u00e9s envers les personnes en situation de handicap - Transformative Vision Europe<\/title>\n<meta name=\"robots\" content=\"index, follow, max-snippet:-1, max-image-preview:large, max-video-preview:-1\" \/>\n<link rel=\"canonical\" href=\"https:\/\/transformative-vision-europe.com\/fr\/2025\/03\/19\/briser-les-barrieres-aborder-les-consequences-des-stereotypes-et-des-prejuges-envers-les-personnes-en-situation-de-handicap\/\" \/>\n<meta property=\"og:locale\" content=\"fr_FR\" \/>\n<meta property=\"og:type\" content=\"article\" \/>\n<meta property=\"og:title\" content=\"Briser les barri\u00e8res : Aborder les cons\u00e9quences des st\u00e9r\u00e9otypes et des pr\u00e9jug\u00e9s envers les personnes en situation de handicap - Transformative Vision Europe\" \/>\n<meta property=\"og:description\" content=\"Chaque jour, les personnes en situation de handicap se heurtent \u00e0 des barri\u00e8res subtiles mais omnipr\u00e9sentes, ancr\u00e9es dans la condescendance et les faibles attentes. Ces attitudes, souvent tacites, s\u2019accumulent au fil du temps et impactent profond\u00e9ment la perception de soi, la sant\u00e9 mentale et la qualit\u00e9 de vie en g\u00e9n\u00e9ral. Bien que la diversit\u00e9 des [&hellip;]\" \/>\n<meta property=\"og:url\" content=\"https:\/\/transformative-vision-europe.com\/fr\/2025\/03\/19\/briser-les-barrieres-aborder-les-consequences-des-stereotypes-et-des-prejuges-envers-les-personnes-en-situation-de-handicap\/\" \/>\n<meta property=\"og:site_name\" content=\"Transformative Vision Europe\" \/>\n<meta property=\"article:published_time\" content=\"2025-03-19T21:16:37+00:00\" \/>\n<meta property=\"article:modified_time\" content=\"2026-04-30T17:56:04+00:00\" \/>\n<meta property=\"og:image\" content=\"https:\/\/transformative-vision-europe.com\/wp-content\/uploads\/2025\/03\/Visual-for-Blog-600-x-400-mm.png\" \/>\n\t<meta property=\"og:image:width\" content=\"2268\" \/>\n\t<meta property=\"og:image:height\" content=\"1512\" \/>\n\t<meta property=\"og:image:type\" content=\"image\/png\" \/>\n<meta name=\"author\" content=\"Transformative Vision Europe\" \/>\n<meta name=\"twitter:card\" content=\"summary_large_image\" \/>\n<meta name=\"twitter:label1\" content=\"\u00c9crit par\" \/>\n\t<meta name=\"twitter:data1\" content=\"Transformative Vision Europe\" \/>\n\t<meta name=\"twitter:label2\" content=\"Dur\u00e9e de lecture estim\u00e9e\" \/>\n\t<meta name=\"twitter:data2\" content=\"7 minutes\" \/>\n<script type=\"application\/ld+json\" class=\"yoast-schema-graph\">{\"@context\":\"https:\\\/\\\/schema.org\",\"@graph\":[{\"@type\":\"Article\",\"@id\":\"https:\\\/\\\/transformative-vision-europe.com\\\/fr\\\/2025\\\/03\\\/19\\\/briser-les-barrieres-aborder-les-consequences-des-stereotypes-et-des-prejuges-envers-les-personnes-en-situation-de-handicap\\\/#article\",\"isPartOf\":{\"@id\":\"https:\\\/\\\/transformative-vision-europe.com\\\/fr\\\/2025\\\/03\\\/19\\\/briser-les-barrieres-aborder-les-consequences-des-stereotypes-et-des-prejuges-envers-les-personnes-en-situation-de-handicap\\\/\"},\"author\":{\"name\":\"Transformative Vision Europe\",\"@id\":\"https:\\\/\\\/transformative-vision-europe.com\\\/fr\\\/#\\\/schema\\\/person\\\/b06c1cc685ff9aad938e4759196d7c77\"},\"headline\":\"Briser les barri\u00e8res : Aborder les cons\u00e9quences des st\u00e9r\u00e9otypes et des pr\u00e9jug\u00e9s envers les personnes en situation de handicap\",\"datePublished\":\"2025-03-19T21:16:37+00:00\",\"dateModified\":\"2026-04-30T17:56:04+00:00\",\"mainEntityOfPage\":{\"@id\":\"https:\\\/\\\/transformative-vision-europe.com\\\/fr\\\/2025\\\/03\\\/19\\\/briser-les-barrieres-aborder-les-consequences-des-stereotypes-et-des-prejuges-envers-les-personnes-en-situation-de-handicap\\\/\"},\"wordCount\":1333,\"commentCount\":0,\"image\":{\"@id\":\"https:\\\/\\\/transformative-vision-europe.com\\\/fr\\\/2025\\\/03\\\/19\\\/briser-les-barrieres-aborder-les-consequences-des-stereotypes-et-des-prejuges-envers-les-personnes-en-situation-de-handicap\\\/#primaryimage\"},\"thumbnailUrl\":\"https:\\\/\\\/transformative-vision-europe.com\\\/wp-content\\\/uploads\\\/2025\\\/03\\\/Visual-for-Blog-600-x-400-mm.png\",\"keywords\":[\"Communaut\u00e9\",\"droits des personnes handicap\u00e9es\",\"Inclusion\",\"Sensibilisation\",\"st\u00e9r\u00e9otypes\"],\"articleSection\":[\"Sensibilisation au handicap\"],\"inLanguage\":\"fr-FR\",\"potentialAction\":[{\"@type\":\"CommentAction\",\"name\":\"Comment\",\"target\":[\"https:\\\/\\\/transformative-vision-europe.com\\\/fr\\\/2025\\\/03\\\/19\\\/briser-les-barrieres-aborder-les-consequences-des-stereotypes-et-des-prejuges-envers-les-personnes-en-situation-de-handicap\\\/#respond\"]}]},{\"@type\":\"WebPage\",\"@id\":\"https:\\\/\\\/transformative-vision-europe.com\\\/fr\\\/2025\\\/03\\\/19\\\/briser-les-barrieres-aborder-les-consequences-des-stereotypes-et-des-prejuges-envers-les-personnes-en-situation-de-handicap\\\/\",\"url\":\"https:\\\/\\\/transformative-vision-europe.com\\\/fr\\\/2025\\\/03\\\/19\\\/briser-les-barrieres-aborder-les-consequences-des-stereotypes-et-des-prejuges-envers-les-personnes-en-situation-de-handicap\\\/\",\"name\":\"Briser les barri\u00e8res : Aborder les cons\u00e9quences des st\u00e9r\u00e9otypes et des pr\u00e9jug\u00e9s envers les personnes en situation de handicap - Transformative Vision Europe\",\"isPartOf\":{\"@id\":\"https:\\\/\\\/transformative-vision-europe.com\\\/fr\\\/#website\"},\"primaryImageOfPage\":{\"@id\":\"https:\\\/\\\/transformative-vision-europe.com\\\/fr\\\/2025\\\/03\\\/19\\\/briser-les-barrieres-aborder-les-consequences-des-stereotypes-et-des-prejuges-envers-les-personnes-en-situation-de-handicap\\\/#primaryimage\"},\"image\":{\"@id\":\"https:\\\/\\\/transformative-vision-europe.com\\\/fr\\\/2025\\\/03\\\/19\\\/briser-les-barrieres-aborder-les-consequences-des-stereotypes-et-des-prejuges-envers-les-personnes-en-situation-de-handicap\\\/#primaryimage\"},\"thumbnailUrl\":\"https:\\\/\\\/transformative-vision-europe.com\\\/wp-content\\\/uploads\\\/2025\\\/03\\\/Visual-for-Blog-600-x-400-mm.png\",\"datePublished\":\"2025-03-19T21:16:37+00:00\",\"dateModified\":\"2026-04-30T17:56:04+00:00\",\"author\":{\"@id\":\"https:\\\/\\\/transformative-vision-europe.com\\\/fr\\\/#\\\/schema\\\/person\\\/b06c1cc685ff9aad938e4759196d7c77\"},\"breadcrumb\":{\"@id\":\"https:\\\/\\\/transformative-vision-europe.com\\\/fr\\\/2025\\\/03\\\/19\\\/briser-les-barrieres-aborder-les-consequences-des-stereotypes-et-des-prejuges-envers-les-personnes-en-situation-de-handicap\\\/#breadcrumb\"},\"inLanguage\":\"fr-FR\",\"potentialAction\":[{\"@type\":\"ReadAction\",\"target\":[\"https:\\\/\\\/transformative-vision-europe.com\\\/fr\\\/2025\\\/03\\\/19\\\/briser-les-barrieres-aborder-les-consequences-des-stereotypes-et-des-prejuges-envers-les-personnes-en-situation-de-handicap\\\/\"]}]},{\"@type\":\"ImageObject\",\"inLanguage\":\"fr-FR\",\"@id\":\"https:\\\/\\\/transformative-vision-europe.com\\\/fr\\\/2025\\\/03\\\/19\\\/briser-les-barrieres-aborder-les-consequences-des-stereotypes-et-des-prejuges-envers-les-personnes-en-situation-de-handicap\\\/#primaryimage\",\"url\":\"https:\\\/\\\/transformative-vision-europe.com\\\/wp-content\\\/uploads\\\/2025\\\/03\\\/Visual-for-Blog-600-x-400-mm.png\",\"contentUrl\":\"https:\\\/\\\/transformative-vision-europe.com\\\/wp-content\\\/uploads\\\/2025\\\/03\\\/Visual-for-Blog-600-x-400-mm.png\",\"width\":2268,\"height\":1512},{\"@type\":\"BreadcrumbList\",\"@id\":\"https:\\\/\\\/transformative-vision-europe.com\\\/fr\\\/2025\\\/03\\\/19\\\/briser-les-barrieres-aborder-les-consequences-des-stereotypes-et-des-prejuges-envers-les-personnes-en-situation-de-handicap\\\/#breadcrumb\",\"itemListElement\":[{\"@type\":\"ListItem\",\"position\":1,\"name\":\"Home\",\"item\":\"https:\\\/\\\/transformative-vision-europe.com\\\/fr\\\/accueil\\\/\"},{\"@type\":\"ListItem\",\"position\":2,\"name\":\"Briser les barri\u00e8res : Aborder les cons\u00e9quences des st\u00e9r\u00e9otypes et des pr\u00e9jug\u00e9s envers les personnes en situation de handicap\"}]},{\"@type\":\"WebSite\",\"@id\":\"https:\\\/\\\/transformative-vision-europe.com\\\/fr\\\/#website\",\"url\":\"https:\\\/\\\/transformative-vision-europe.com\\\/fr\\\/\",\"name\":\"Transformative Vision Europe\",\"description\":\"Breaking misinformation for an inclusive world\",\"potentialAction\":[{\"@type\":\"SearchAction\",\"target\":{\"@type\":\"EntryPoint\",\"urlTemplate\":\"https:\\\/\\\/transformative-vision-europe.com\\\/fr\\\/?s={search_term_string}\"},\"query-input\":{\"@type\":\"PropertyValueSpecification\",\"valueRequired\":true,\"valueName\":\"search_term_string\"}}],\"inLanguage\":\"fr-FR\"},{\"@type\":\"Person\",\"@id\":\"https:\\\/\\\/transformative-vision-europe.com\\\/fr\\\/#\\\/schema\\\/person\\\/b06c1cc685ff9aad938e4759196d7c77\",\"name\":\"Transformative Vision Europe\",\"image\":{\"@type\":\"ImageObject\",\"inLanguage\":\"fr-FR\",\"@id\":\"https:\\\/\\\/secure.gravatar.com\\\/avatar\\\/770d2da24e664092362c8e258d9a948f52e39e2087c9382517ec88b48a582c0e?s=96&d=mm&r=g\",\"url\":\"https:\\\/\\\/secure.gravatar.com\\\/avatar\\\/770d2da24e664092362c8e258d9a948f52e39e2087c9382517ec88b48a582c0e?s=96&d=mm&r=g\",\"contentUrl\":\"https:\\\/\\\/secure.gravatar.com\\\/avatar\\\/770d2da24e664092362c8e258d9a948f52e39e2087c9382517ec88b48a582c0e?s=96&d=mm&r=g\",\"caption\":\"Transformative Vision Europe\"},\"url\":\"https:\\\/\\\/transformative-vision-europe.com\\\/fr\\\/author\\\/roberta\\\/\"}]}<\/script>\n<!-- \/ Yoast SEO plugin. -->","yoast_head_json":{"title":"Briser les barri\u00e8res : Aborder les cons\u00e9quences des st\u00e9r\u00e9otypes et des pr\u00e9jug\u00e9s envers les personnes en situation de handicap - Transformative Vision Europe","robots":{"index":"index","follow":"follow","max-snippet":"max-snippet:-1","max-image-preview":"max-image-preview:large","max-video-preview":"max-video-preview:-1"},"canonical":"https:\/\/transformative-vision-europe.com\/fr\/2025\/03\/19\/briser-les-barrieres-aborder-les-consequences-des-stereotypes-et-des-prejuges-envers-les-personnes-en-situation-de-handicap\/","og_locale":"fr_FR","og_type":"article","og_title":"Briser les barri\u00e8res : Aborder les cons\u00e9quences des st\u00e9r\u00e9otypes et des pr\u00e9jug\u00e9s envers les personnes en situation de handicap - Transformative Vision Europe","og_description":"Chaque jour, les personnes en situation de handicap se heurtent \u00e0 des barri\u00e8res subtiles mais omnipr\u00e9sentes, ancr\u00e9es dans la condescendance et les faibles attentes. Ces attitudes, souvent tacites, s\u2019accumulent au fil du temps et impactent profond\u00e9ment la perception de soi, la sant\u00e9 mentale et la qualit\u00e9 de vie en g\u00e9n\u00e9ral. Bien que la diversit\u00e9 des [&hellip;]","og_url":"https:\/\/transformative-vision-europe.com\/fr\/2025\/03\/19\/briser-les-barrieres-aborder-les-consequences-des-stereotypes-et-des-prejuges-envers-les-personnes-en-situation-de-handicap\/","og_site_name":"Transformative Vision Europe","article_published_time":"2025-03-19T21:16:37+00:00","article_modified_time":"2026-04-30T17:56:04+00:00","og_image":[{"width":2268,"height":1512,"url":"https:\/\/transformative-vision-europe.com\/wp-content\/uploads\/2025\/03\/Visual-for-Blog-600-x-400-mm.png","type":"image\/png"}],"author":"Transformative Vision Europe","twitter_card":"summary_large_image","twitter_misc":{"\u00c9crit par":"Transformative Vision Europe","Dur\u00e9e de lecture estim\u00e9e":"7 minutes"},"schema":{"@context":"https:\/\/schema.org","@graph":[{"@type":"Article","@id":"https:\/\/transformative-vision-europe.com\/fr\/2025\/03\/19\/briser-les-barrieres-aborder-les-consequences-des-stereotypes-et-des-prejuges-envers-les-personnes-en-situation-de-handicap\/#article","isPartOf":{"@id":"https:\/\/transformative-vision-europe.com\/fr\/2025\/03\/19\/briser-les-barrieres-aborder-les-consequences-des-stereotypes-et-des-prejuges-envers-les-personnes-en-situation-de-handicap\/"},"author":{"name":"Transformative Vision Europe","@id":"https:\/\/transformative-vision-europe.com\/fr\/#\/schema\/person\/b06c1cc685ff9aad938e4759196d7c77"},"headline":"Briser les barri\u00e8res : Aborder les cons\u00e9quences des st\u00e9r\u00e9otypes et des pr\u00e9jug\u00e9s envers les personnes en situation de handicap","datePublished":"2025-03-19T21:16:37+00:00","dateModified":"2026-04-30T17:56:04+00:00","mainEntityOfPage":{"@id":"https:\/\/transformative-vision-europe.com\/fr\/2025\/03\/19\/briser-les-barrieres-aborder-les-consequences-des-stereotypes-et-des-prejuges-envers-les-personnes-en-situation-de-handicap\/"},"wordCount":1333,"commentCount":0,"image":{"@id":"https:\/\/transformative-vision-europe.com\/fr\/2025\/03\/19\/briser-les-barrieres-aborder-les-consequences-des-stereotypes-et-des-prejuges-envers-les-personnes-en-situation-de-handicap\/#primaryimage"},"thumbnailUrl":"https:\/\/transformative-vision-europe.com\/wp-content\/uploads\/2025\/03\/Visual-for-Blog-600-x-400-mm.png","keywords":["Communaut\u00e9","droits des personnes handicap\u00e9es","Inclusion","Sensibilisation","st\u00e9r\u00e9otypes"],"articleSection":["Sensibilisation au handicap"],"inLanguage":"fr-FR","potentialAction":[{"@type":"CommentAction","name":"Comment","target":["https:\/\/transformative-vision-europe.com\/fr\/2025\/03\/19\/briser-les-barrieres-aborder-les-consequences-des-stereotypes-et-des-prejuges-envers-les-personnes-en-situation-de-handicap\/#respond"]}]},{"@type":"WebPage","@id":"https:\/\/transformative-vision-europe.com\/fr\/2025\/03\/19\/briser-les-barrieres-aborder-les-consequences-des-stereotypes-et-des-prejuges-envers-les-personnes-en-situation-de-handicap\/","url":"https:\/\/transformative-vision-europe.com\/fr\/2025\/03\/19\/briser-les-barrieres-aborder-les-consequences-des-stereotypes-et-des-prejuges-envers-les-personnes-en-situation-de-handicap\/","name":"Briser les barri\u00e8res : Aborder les cons\u00e9quences des st\u00e9r\u00e9otypes et des pr\u00e9jug\u00e9s envers les personnes en situation de handicap - Transformative Vision Europe","isPartOf":{"@id":"https:\/\/transformative-vision-europe.com\/fr\/#website"},"primaryImageOfPage":{"@id":"https:\/\/transformative-vision-europe.com\/fr\/2025\/03\/19\/briser-les-barrieres-aborder-les-consequences-des-stereotypes-et-des-prejuges-envers-les-personnes-en-situation-de-handicap\/#primaryimage"},"image":{"@id":"https:\/\/transformative-vision-europe.com\/fr\/2025\/03\/19\/briser-les-barrieres-aborder-les-consequences-des-stereotypes-et-des-prejuges-envers-les-personnes-en-situation-de-handicap\/#primaryimage"},"thumbnailUrl":"https:\/\/transformative-vision-europe.com\/wp-content\/uploads\/2025\/03\/Visual-for-Blog-600-x-400-mm.png","datePublished":"2025-03-19T21:16:37+00:00","dateModified":"2026-04-30T17:56:04+00:00","author":{"@id":"https:\/\/transformative-vision-europe.com\/fr\/#\/schema\/person\/b06c1cc685ff9aad938e4759196d7c77"},"breadcrumb":{"@id":"https:\/\/transformative-vision-europe.com\/fr\/2025\/03\/19\/briser-les-barrieres-aborder-les-consequences-des-stereotypes-et-des-prejuges-envers-les-personnes-en-situation-de-handicap\/#breadcrumb"},"inLanguage":"fr-FR","potentialAction":[{"@type":"ReadAction","target":["https:\/\/transformative-vision-europe.com\/fr\/2025\/03\/19\/briser-les-barrieres-aborder-les-consequences-des-stereotypes-et-des-prejuges-envers-les-personnes-en-situation-de-handicap\/"]}]},{"@type":"ImageObject","inLanguage":"fr-FR","@id":"https:\/\/transformative-vision-europe.com\/fr\/2025\/03\/19\/briser-les-barrieres-aborder-les-consequences-des-stereotypes-et-des-prejuges-envers-les-personnes-en-situation-de-handicap\/#primaryimage","url":"https:\/\/transformative-vision-europe.com\/wp-content\/uploads\/2025\/03\/Visual-for-Blog-600-x-400-mm.png","contentUrl":"https:\/\/transformative-vision-europe.com\/wp-content\/uploads\/2025\/03\/Visual-for-Blog-600-x-400-mm.png","width":2268,"height":1512},{"@type":"BreadcrumbList","@id":"https:\/\/transformative-vision-europe.com\/fr\/2025\/03\/19\/briser-les-barrieres-aborder-les-consequences-des-stereotypes-et-des-prejuges-envers-les-personnes-en-situation-de-handicap\/#breadcrumb","itemListElement":[{"@type":"ListItem","position":1,"name":"Home","item":"https:\/\/transformative-vision-europe.com\/fr\/accueil\/"},{"@type":"ListItem","position":2,"name":"Briser les barri\u00e8res : Aborder les cons\u00e9quences des st\u00e9r\u00e9otypes et des pr\u00e9jug\u00e9s envers les personnes en situation de handicap"}]},{"@type":"WebSite","@id":"https:\/\/transformative-vision-europe.com\/fr\/#website","url":"https:\/\/transformative-vision-europe.com\/fr\/","name":"Transformative Vision Europe","description":"Breaking misinformation for an inclusive world","potentialAction":[{"@type":"SearchAction","target":{"@type":"EntryPoint","urlTemplate":"https:\/\/transformative-vision-europe.com\/fr\/?s={search_term_string}"},"query-input":{"@type":"PropertyValueSpecification","valueRequired":true,"valueName":"search_term_string"}}],"inLanguage":"fr-FR"},{"@type":"Person","@id":"https:\/\/transformative-vision-europe.com\/fr\/#\/schema\/person\/b06c1cc685ff9aad938e4759196d7c77","name":"Transformative Vision Europe","image":{"@type":"ImageObject","inLanguage":"fr-FR","@id":"https:\/\/secure.gravatar.com\/avatar\/770d2da24e664092362c8e258d9a948f52e39e2087c9382517ec88b48a582c0e?s=96&d=mm&r=g","url":"https:\/\/secure.gravatar.com\/avatar\/770d2da24e664092362c8e258d9a948f52e39e2087c9382517ec88b48a582c0e?s=96&d=mm&r=g","contentUrl":"https:\/\/secure.gravatar.com\/avatar\/770d2da24e664092362c8e258d9a948f52e39e2087c9382517ec88b48a582c0e?s=96&d=mm&r=g","caption":"Transformative Vision Europe"},"url":"https:\/\/transformative-vision-europe.com\/fr\/author\/roberta\/"}]}},"_links":{"self":[{"href":"https:\/\/transformative-vision-europe.com\/fr\/wp-json\/wp\/v2\/posts\/1750","targetHints":{"allow":["GET"]}}],"collection":[{"href":"https:\/\/transformative-vision-europe.com\/fr\/wp-json\/wp\/v2\/posts"}],"about":[{"href":"https:\/\/transformative-vision-europe.com\/fr\/wp-json\/wp\/v2\/types\/post"}],"author":[{"embeddable":true,"href":"https:\/\/transformative-vision-europe.com\/fr\/wp-json\/wp\/v2\/users\/2"}],"replies":[{"embeddable":true,"href":"https:\/\/transformative-vision-europe.com\/fr\/wp-json\/wp\/v2\/comments?post=1750"}],"version-history":[{"count":1,"href":"https:\/\/transformative-vision-europe.com\/fr\/wp-json\/wp\/v2\/posts\/1750\/revisions"}],"predecessor-version":[{"id":1754,"href":"https:\/\/transformative-vision-europe.com\/fr\/wp-json\/wp\/v2\/posts\/1750\/revisions\/1754"}],"wp:featuredmedia":[{"embeddable":true,"href":"https:\/\/transformative-vision-europe.com\/fr\/wp-json\/wp\/v2\/media\/1741"}],"wp:attachment":[{"href":"https:\/\/transformative-vision-europe.com\/fr\/wp-json\/wp\/v2\/media?parent=1750"}],"wp:term":[{"taxonomy":"category","embeddable":true,"href":"https:\/\/transformative-vision-europe.com\/fr\/wp-json\/wp\/v2\/categories?post=1750"},{"taxonomy":"post_tag","embeddable":true,"href":"https:\/\/transformative-vision-europe.com\/fr\/wp-json\/wp\/v2\/tags?post=1750"}],"curies":[{"name":"wp","href":"https:\/\/api.w.org\/{rel}","templated":true}]}}